{"id":3772,"date":"2026-02-23T09:23:00","date_gmt":"2026-02-23T08:23:00","guid":{"rendered":"https:\/\/gau-jura.de\/?p=3772"},"modified":"2026-02-23T09:25:16","modified_gmt":"2026-02-23T08:25:16","slug":"ehrung-bei-der-jahreshauptversammlung","status":"publish","type":"post","link":"https:\/\/gau-jura.de\/?p=3772","title":{"rendered":"Ehrung bei der Jahreshauptversammlung"},"content":{"rendered":"\n<figure class=\"wp-block-image size-large\"><img loading=\"lazy\" decoding=\"async\" width=\"1024\" height=\"507\" src=\"https:\/\/gau-jura.de\/wp-content\/uploads\/2026\/02\/Gau-JHV-2026-Ehrung-HP-1024x507.jpg\" alt=\"\" class=\"wp-image-3771\" srcset=\"https:\/\/gau-jura.de\/wp-content\/uploads\/2026\/02\/Gau-JHV-2026-Ehrung-HP-1024x507.jpg 1024w, https:\/\/gau-jura.de\/wp-content\/uploads\/2026\/02\/Gau-JHV-2026-Ehrung-HP-300x149.jpg 300w, https:\/\/gau-jura.de\/wp-content\/uploads\/2026\/02\/Gau-JHV-2026-Ehrung-HP-768x380.jpg 768w, https:\/\/gau-jura.de\/wp-content\/uploads\/2026\/02\/Gau-JHV-2026-Ehrung-HP-1536x760.jpg 1536w, https:\/\/gau-jura.de\/wp-content\/uploads\/2026\/02\/Gau-JHV-2026-Ehrung-HP.jpg 2000w\" sizes=\"(max-width: 1024px) 100vw, 1024px\" \/><\/figure>\n\n\n\n<p>Jugendleiter Wolfgang Bock \u00fcbergab sein Amt in j\u00fcngere H\u00e4nde. Als Dank f\u00fcr seine geleistete Arbeit wurde er mit einer Verdienstnadel in Silber ausgezeichnet.<\/p>\n","protected":false},"excerpt":{"rendered":"<p>Jugendleiter Wolfgang Bock \u00fcbergab sein Amt in j\u00fcngere H\u00e4nde. Als Dank f\u00fcr seine geleistete Arbeit wurde er mit einer Verdienstnadel in Silber ausgezeichnet.<\/p>\n","protected":false},"author":7,"featured_media":0,"comment_status":"closed","ping_status":"closed","sticky":false,"template":"","format":"standard","meta":{"footnotes":""},"categories":[1],"tags":[],"_links":{"self":[{"href":"https:\/\/gau-jura.de\/index.php?rest_route=\/wp\/v2\/posts\/3772"}],"collection":[{"href":"https:\/\/gau-jura.de\/index.php?rest_route=\/wp\/v2\/posts"}],"about":[{"href":"https:\/\/gau-jura.de\/index.php?rest_route=\/wp\/v2\/types\/post"}],"author":[{"embeddable":true,"href":"https:\/\/gau-jura.de\/index.php?rest_route=\/wp\/v2\/users\/7"}],"replies":[{"embeddable":true,"href":"https:\/\/gau-jura.de\/index.php?rest_route=%2Fwp%2Fv2%2Fcomments&post=3772"}],"version-history":[{"count":3,"href":"https:\/\/gau-jura.de\/index.php?rest_route=\/wp\/v2\/posts\/3772\/revisions"}],"predecessor-version":[{"id":3775,"href":"https:\/\/gau-jura.de\/index.php?rest_route=\/wp\/v2\/posts\/3772\/revisions\/3775"}],"wp:attachment":[{"href":"https:\/\/gau-jura.de\/index.php?rest_route=%2Fwp%2Fv2%2Fmedia&parent=3772"}],"wp:term":[{"taxonomy":"category","embeddable":true,"href":"https:\/\/gau-jura.de\/index.php?rest_route=%2Fwp%2Fv2%2Fcategories&post=3772"},{"taxonomy":"post_tag","embeddable":true,"href":"https:\/\/gau-jura.de\/index.php?rest_route=%2Fwp%2Fv2%2Ftags&post=3772"}],"curies":[{"name":"wp","href":"https:\/\/api.w.org\/{rel}","templated":true}]}}