{"id":3512,"date":"2025-05-21T08:30:00","date_gmt":"2025-05-21T06:30:00","guid":{"rendered":"https:\/\/gau-jura.de\/?p=3512"},"modified":"2025-05-21T08:32:28","modified_gmt":"2025-05-21T06:32:28","slug":"gaudamen-blumenschiessen-2025","status":"publish","type":"post","link":"https:\/\/gau-jura.de\/?p=3512","title":{"rendered":"Gaudamen Blumenschie\u00dfen 2025"},"content":{"rendered":"<div class=\"wp-block-image\">\n<figure class=\"aligncenter size-full is-resized\"><img loading=\"lazy\" decoding=\"async\" width=\"610\" height=\"239\" src=\"https:\/\/gau-jura.de\/wp-content\/uploads\/2025\/05\/Einladung-Gaudamentag.png\" alt=\"\" class=\"wp-image-3513\" style=\"width:496px;height:auto\" srcset=\"https:\/\/gau-jura.de\/wp-content\/uploads\/2025\/05\/Einladung-Gaudamentag.png 610w, https:\/\/gau-jura.de\/wp-content\/uploads\/2025\/05\/Einladung-Gaudamentag-300x118.png 300w\" sizes=\"(max-width: 610px) 100vw, 610px\" \/><\/figure><\/div>\n\n\n<p class=\"has-text-align-center\">Am Samstag den, 21.06.2025<br>m\u00f6chten wir euch zu einem <strong>Blumenschie\u00dfen<\/strong> einladen!<br>Beginn um 14.30 Uhr<br>an den Schie\u00dfst\u00e4nden der \u201eWiesengrund\u201c Sch\u00fctzen<br>im Vereinslokal Karl in Hamberg.<\/p>\n\n\n\n<p class=\"has-text-align-center\"><strong>Anmeldungen bitte bis 15.06.25<\/strong> und weitere Details siehe Einladung.<\/p>\n\n\n\n<p class=\"has-text-align-center\"><strong>\u2193 \u2193 \u2193 \u2193<\/strong><\/p>\n\n\n\n<div class=\"wp-block-file aligncenter\"><a id=\"wp-block-file--media-9dc42703-55ad-40e1-bf7f-9ff7757411e6\" href=\"https:\/\/gau-jura.de\/wp-content\/uploads\/2025\/05\/Einladung-zum-Gau-Damen-Blumenschiessen.pdf\"><strong><mark style=\"background-color:rgba(0, 0, 0, 0)\" class=\"has-inline-color has-accent-color\">Einladung-zum-Gau-Damen-Blumenschiessen<\/mark><\/strong><\/a><a href=\"https:\/\/gau-jura.de\/wp-content\/uploads\/2025\/05\/Einladung-zum-Gau-Damen-Blumenschiessen.pdf\" class=\"wp-block-file__button wp-element-button\" download aria-describedby=\"wp-block-file--media-9dc42703-55ad-40e1-bf7f-9ff7757411e6\">Herunterladen<\/a><\/div>\n","protected":false},"excerpt":{"rendered":"<p>Am Samstag den, 21.06.2025m\u00f6chten wir euch zu einem Blumenschie\u00dfen einladen!Beginn um 14.30 Uhran den Schie\u00dfst\u00e4nden der \u201eWiesengrund\u201c Sch\u00fctzenim Vereinslokal Karl in Hamberg. Anmeldungen bitte bis 15.06.25 und weitere Details siehe Einladung. \u2193 \u2193 \u2193 \u2193<\/p>\n","protected":false},"author":2,"featured_media":0,"comment_status":"closed","ping_status":"closed","sticky":false,"template":"","format":"standard","meta":{"footnotes":""},"categories":[16,17,10],"tags":[],"_links":{"self":[{"href":"https:\/\/gau-jura.de\/index.php?rest_route=\/wp\/v2\/posts\/3512"}],"collection":[{"href":"https:\/\/gau-jura.de\/index.php?rest_route=\/wp\/v2\/posts"}],"about":[{"href":"https:\/\/gau-jura.de\/index.php?rest_route=\/wp\/v2\/types\/post"}],"author":[{"embeddable":true,"href":"https:\/\/gau-jura.de\/index.php?rest_route=\/wp\/v2\/users\/2"}],"replies":[{"embeddable":true,"href":"https:\/\/gau-jura.de\/index.php?rest_route=%2Fwp%2Fv2%2Fcomments&post=3512"}],"version-history":[{"count":3,"href":"https:\/\/gau-jura.de\/index.php?rest_route=\/wp\/v2\/posts\/3512\/revisions"}],"predecessor-version":[{"id":3518,"href":"https:\/\/gau-jura.de\/index.php?rest_route=\/wp\/v2\/posts\/3512\/revisions\/3518"}],"wp:attachment":[{"href":"https:\/\/gau-jura.de\/index.php?rest_route=%2Fwp%2Fv2%2Fmedia&parent=3512"}],"wp:term":[{"taxonomy":"category","embeddable":true,"href":"https:\/\/gau-jura.de\/index.php?rest_route=%2Fwp%2Fv2%2Fcategories&post=3512"},{"taxonomy":"post_tag","embeddable":true,"href":"https:\/\/gau-jura.de\/index.php?rest_route=%2Fwp%2Fv2%2Ftags&post=3512"}],"curies":[{"name":"wp","href":"https:\/\/api.w.org\/{rel}","templated":true}]}}