{"id":2023,"date":"2022-07-15T18:43:01","date_gmt":"2022-07-15T16:43:01","guid":{"rendered":"https:\/\/gau-jura.de\/?p=2023"},"modified":"2022-09-30T14:12:05","modified_gmt":"2022-09-30T12:12:05","slug":"ergebnisse-gau-und-standeroeffnungsschiessen-2022","status":"publish","type":"post","link":"https:\/\/gau-jura.de\/?p=2023","title":{"rendered":"Ergebnisse Gau- und Stander\u00f6ffnungsschie\u00dfen 2022"},"content":{"rendered":"\n<p>Vom 01.-10. Juli fand in Gro\u00dfalfalterbach das Gau- und Stander\u00f6ffnungsschie\u00dfen statt. <\/p>\n\n\n\n<p class=\"has-text-align-center\"><strong>Die Proklamation und Preisverleihung<br>findet im Rahmen des Herbstfestes<br>vom SV Gosselstein Gro\u00dfalfalterbach<br>am 17.09.2022 um 17:30 Uhr<br>in der Halle am Sch\u00fctzenhaus statt.<\/strong><\/p>\n\n\n\n<div class=\"wp-block-columns is-layout-flex wp-container-core-columns-layout-1 wp-block-columns-is-layout-flex\">\n<div class=\"wp-block-column is-layout-flow wp-block-column-is-layout-flow\">\n<div class=\"wp-block-file\"><a id=\"wp-block-file--media-c75aaebb-97fe-4a4f-9107-9c50affadaac\" href=\"https:\/\/gau-jura.de\/wp-content\/uploads\/2022\/07\/Einladung-Preisverleihung-Gaukoenisschiessen.pdf\">Einladung Preisverleihung <\/a><a href=\"https:\/\/gau-jura.de\/wp-content\/uploads\/2022\/07\/Einladung-Preisverleihung-Gaukoenisschiessen.pdf\" class=\"wp-block-file__button\" download aria-describedby=\"wp-block-file--media-c75aaebb-97fe-4a4f-9107-9c50affadaac\">Herunterladen<\/a><\/div>\n\n\n\n<div class=\"wp-block-file\"><a id=\"wp-block-file--media-9cd75c1b-41a3-4d93-8ab6-301bb32a4a60\" href=\"https:\/\/gau-jura.de\/wp-content\/uploads\/2022\/07\/Preisschiessen-SV-Gosselstein-Grossalfalterbach.pdf\">Preisschie\u00dfen<\/a><a href=\"https:\/\/gau-jura.de\/wp-content\/uploads\/2022\/07\/Preisschiessen-SV-Gosselstein-Grossalfalterbach.pdf\" class=\"wp-block-file__button\" download aria-describedby=\"wp-block-file--media-9cd75c1b-41a3-4d93-8ab6-301bb32a4a60\">Herunterladen<\/a><\/div>\n\n\n\n<div class=\"wp-block-file\"><a id=\"wp-block-file--media-feabd078-df38-4307-95a6-1fde2939a7f2\" href=\"https:\/\/gau-jura.de\/wp-content\/uploads\/2022\/07\/Gaukoenig-Luftpistole-2022.pdf\">Gauk\u00f6nig LP<\/a><a href=\"https:\/\/gau-jura.de\/wp-content\/uploads\/2022\/07\/Gaukoenig-Luftpistole-2022.pdf\" class=\"wp-block-file__button\" download aria-describedby=\"wp-block-file--media-feabd078-df38-4307-95a6-1fde2939a7f2\">Herunterladen<\/a><\/div>\n\n\n\n<div class=\"wp-block-file\"><a id=\"wp-block-file--media-60beb409-69a2-404e-b2e0-26c4c0a94dee\" href=\"https:\/\/gau-jura.de\/wp-content\/uploads\/2022\/07\/Gaukoenig-Herren-LG-2022.pdf\">Gauk\u00f6nig Sch\u00fctzen<\/a><a href=\"https:\/\/gau-jura.de\/wp-content\/uploads\/2022\/07\/Gaukoenig-Herren-LG-2022.pdf\" class=\"wp-block-file__button\" download aria-describedby=\"wp-block-file--media-60beb409-69a2-404e-b2e0-26c4c0a94dee\">Herunterladen<\/a><\/div>\n\n\n\n<div class=\"wp-block-file\"><a id=\"wp-block-file--media-8790e8de-0861-4dd1-9f90-88c402678265\" href=\"https:\/\/gau-jura.de\/wp-content\/uploads\/2022\/07\/Gaukoenig-Auflage.pdf\">Gauk\u00f6nig Auflage<\/a><a href=\"https:\/\/gau-jura.de\/wp-content\/uploads\/2022\/07\/Gaukoenig-Auflage.pdf\" class=\"wp-block-file__button\" download aria-describedby=\"wp-block-file--media-8790e8de-0861-4dd1-9f90-88c402678265\">Herunterladen<\/a><\/div>\n<\/div>\n\n\n\n<div class=\"wp-block-column is-layout-flow wp-block-column-is-layout-flow\">\n<div class=\"wp-block-file\"><a id=\"wp-block-file--media-c1013f54-509b-4654-b7b5-24770c77f7d7\" href=\"https:\/\/gau-jura.de\/wp-content\/uploads\/2022\/07\/Meistbeteiligung-Standeroeffnungsschiessen_Gaukoenigschiessen_2_-2022.pdf\">Meistbeteiligung<\/a><a href=\"https:\/\/gau-jura.de\/wp-content\/uploads\/2022\/07\/Meistbeteiligung-Standeroeffnungsschiessen_Gaukoenigschiessen_2_-2022.pdf\" class=\"wp-block-file__button\" download aria-describedby=\"wp-block-file--media-c1013f54-509b-4654-b7b5-24770c77f7d7\">Herunterladen<\/a><\/div>\n\n\n\n<div class=\"wp-block-file\"><a id=\"wp-block-file--media-9e32b708-e876-4cc1-b196-d2daab36fc6a\" href=\"https:\/\/gau-jura.de\/wp-content\/uploads\/2022\/07\/Zufallsscheibe-SV-Gosselstein-Grossalfalterbach.pdf\">Zufallsscheibe<\/a><a href=\"https:\/\/gau-jura.de\/wp-content\/uploads\/2022\/07\/Zufallsscheibe-SV-Gosselstein-Grossalfalterbach.pdf\" class=\"wp-block-file__button\" download aria-describedby=\"wp-block-file--media-9e32b708-e876-4cc1-b196-d2daab36fc6a\">Herunterladen<\/a><\/div>\n\n\n\n<div class=\"wp-block-file\"><a id=\"wp-block-file--media-11d8fead-8d90-4d8b-98fa-a7717fa40839\" href=\"https:\/\/gau-jura.de\/wp-content\/uploads\/2022\/07\/Gaukoenig-Jugend-2022.pdf\">Gauk\u00f6nig Jugend<\/a><a href=\"https:\/\/gau-jura.de\/wp-content\/uploads\/2022\/07\/Gaukoenig-Jugend-2022.pdf\" class=\"wp-block-file__button\" download aria-describedby=\"wp-block-file--media-11d8fead-8d90-4d8b-98fa-a7717fa40839\">Herunterladen<\/a><\/div>\n\n\n\n<div class=\"wp-block-file\"><a id=\"wp-block-file--media-6c6ce64b-b598-4a64-8141-9baf11e26b82\" href=\"https:\/\/gau-jura.de\/wp-content\/uploads\/2022\/07\/Gaukoenig-Damen-LG-2022.pdf\">Gauk\u00f6nig Damen<\/a><a href=\"https:\/\/gau-jura.de\/wp-content\/uploads\/2022\/07\/Gaukoenig-Damen-LG-2022.pdf\" class=\"wp-block-file__button\" download aria-describedby=\"wp-block-file--media-6c6ce64b-b598-4a64-8141-9baf11e26b82\">Herunterladen<\/a><\/div>\n<\/div>\n<\/div>\n","protected":false},"excerpt":{"rendered":"<p>Vom 01.-10. Juli fand in Gro\u00dfalfalterbach das Gau- und Stander\u00f6ffnungsschie\u00dfen statt. Die Proklamation und Preisverleihungfindet im Rahmen des Herbstfestesvom SV Gosselstein Gro\u00dfalfalterbacham 17.09.2022 um 17:30 Uhrin der Halle am Sch\u00fctzenhaus statt.<\/p>\n","protected":false},"author":3,"featured_media":0,"comment_status":"closed","ping_status":"closed","sticky":false,"template":"","format":"standard","meta":{"footnotes":""},"categories":[1,7,14],"tags":[],"_links":{"self":[{"href":"https:\/\/gau-jura.de\/index.php?rest_route=\/wp\/v2\/posts\/2023"}],"collection":[{"href":"https:\/\/gau-jura.de\/index.php?rest_route=\/wp\/v2\/posts"}],"about":[{"href":"https:\/\/gau-jura.de\/index.php?rest_route=\/wp\/v2\/types\/post"}],"author":[{"embeddable":true,"href":"https:\/\/gau-jura.de\/index.php?rest_route=\/wp\/v2\/users\/3"}],"replies":[{"embeddable":true,"href":"https:\/\/gau-jura.de\/index.php?rest_route=%2Fwp%2Fv2%2Fcomments&post=2023"}],"version-history":[{"count":6,"href":"https:\/\/gau-jura.de\/index.php?rest_route=\/wp\/v2\/posts\/2023\/revisions"}],"predecessor-version":[{"id":2079,"href":"https:\/\/gau-jura.de\/index.php?rest_route=\/wp\/v2\/posts\/2023\/revisions\/2079"}],"wp:attachment":[{"href":"https:\/\/gau-jura.de\/index.php?rest_route=%2Fwp%2Fv2%2Fmedia&parent=2023"}],"wp:term":[{"taxonomy":"category","embeddable":true,"href":"https:\/\/gau-jura.de\/index.php?rest_route=%2Fwp%2Fv2%2Fcategories&post=2023"},{"taxonomy":"post_tag","embeddable":true,"href":"https:\/\/gau-jura.de\/index.php?rest_route=%2Fwp%2Fv2%2Ftags&post=2023"}],"curies":[{"name":"wp","href":"https:\/\/api.w.org\/{rel}","templated":true}]}}